{"id":522,"date":"2022-03-20T14:01:55","date_gmt":"2022-03-20T11:01:55","guid":{"rendered":"https:\/\/tansel.av.tr\/?p=522"},"modified":"2022-03-20T14:02:02","modified_gmt":"2022-03-20T11:02:02","slug":"avrupa-birligi-sinirda-karbon-duzenlemesi-mekanizmasi","status":"publish","type":"post","link":"https:\/\/tansel.av.tr\/tr\/avrupa-birligi-sinirda-karbon-duzenlemesi-mekanizmasi\/","title":{"rendered":"<strong>AVRUPA B\u0130RL\u0130\u011e\u0130 <\/strong><strong>SINIRDA KARBON D\u00dcZENLEMES\u0130 MEKAN\u0130ZMASI<\/strong>"},"content":{"rendered":"\n<p>Son y\u0131llarda \u00f6nem kazanan <em>k\u00fcresel iklim krizi ile m\u00fccadele ve s\u00fcrd\u00fcr\u00fclebilirlik <\/em>hedeflerine ula\u015f\u0131lmas\u0131 amac\u0131yla, geli\u015fmi\u015f ve geli\u015fmekte olan \u00fclkeler yeni \u00f6nlemlerin hayata ge\u00e7irilmesi i\u00e7in \u00e7al\u0131\u015fmalar y\u00fcr\u00fct\u00fcyor ve bunlara ili\u015fkin d\u00fczenlemeleri hayata ge\u00e7iriyor.&nbsp;<\/p>\n\n\n\n<p>Ticaret hayat\u0131n\u0131 \u00f6nemli \u00f6l\u00e7\u00fcde etkileyen s\u00f6z konusu d\u00fczenlemelerden ku\u015fkusuz en \u00f6nemlileri, <em>T\u00fcrkiye\u2019nin ihracat\u0131nda birinci s\u0131rada yer alan<\/em> Avrupa Birli\u011fi (\u201cAB\u201d) taraf\u0131ndan yap\u0131lan d\u00fczenlemeler. Ticaret Bakanl\u0131\u011f\u0131\u2019n\u0131n verilerine g\u00f6re AB, T\u00fcrkiye\u2019nin 2021&nbsp;y\u0131l\u0131 ihracat\u0131nda 93 milyar dolar de\u011ferindeki %41,3&nbsp;\u2018l\u00fck pay\u0131 ile ilk s\u0131rada yer al\u0131yor.<\/p>\n\n\n\n<p>2019 y\u0131l\u0131nda Avrupa Komisyonu taraf\u0131ndan kabul edilmi\u015f olan <strong><em>Avrupa Birli\u011fi Ye\u015fil Mutabakat\u0131 (\u201cEU Green Deal\u201d)<\/em><\/strong> uyar\u0131nca AB, <em>2030 y\u0131l\u0131na kadar sera gaz\u0131 emisyonlar\u0131n\u0131n 1990 seviyelerine k\u0131yasla %55 oran\u0131nda azalt\u0131lmas\u0131n\u0131 ve 2050 y\u0131l\u0131nda karbon n\u00f6tr olmay\u0131<\/em> hedefliyor.<\/p>\n\n\n\n<p>Bir yandan da belirlenen hedefler sebebiyle maliyetleri artacak olan Avrupa sanayisinin rekabet\u00e7i kalabilmesini, \u00fcretim ve yat\u0131r\u0131mlar\u0131n emisyon hedefi daha az olan \u00fclkelere kaymas\u0131n\u0131n \u00f6nlenmesi amac\u0131yla \u00e7al\u0131\u015fmalar yap\u0131l\u0131yor. Bu kapsamda, <strong><em>\u201cS\u0131n\u0131rda Karbon D\u00fczenlemesi Mekanizmas\u0131\u201d<\/em><\/strong>n\u0131n uygulamaya konulmas\u0131 ve s\u00f6z konusu mekanizma ile AB taraf\u0131ndan ithal edilen \u00fcr\u00fcnlere, \u00fcretim s\u00fcre\u00e7lerindeki karbon i\u00e7eri\u011fi \u00f6l\u00e7\u00fcs\u00fcnde ilave mali bir y\u00fck getirilmesi \u00f6ng\u00f6r\u00fcl\u00fcyor.<\/p>\n\n\n\n<p>T\u00fcrkiye\u2019 den AB\u2019ye ihracat yapan \u015firketleri etkileyecek olan S\u0131n\u0131rda Karbon D\u00fczenlemesi Mekanizmas\u0131\u2019na dair \u00f6nemli noktalar\u0131 a\u015fa\u011f\u0131da \u00f6zetledik.<\/p>\n\n\n\n<p><strong>S\u0131n\u0131rda Karbon D\u00fczenlemesi Mekanizmas\u0131 Nas\u0131l \u0130\u015fleyecek?<\/strong><\/p>\n\n\n\n<p>AB\u2019ye ithalat yapan ki\u015filerin (<em>importers<\/em>), ithal edilen \u00fcr\u00fcnler AB\u2019de \u00fcretilmi\u015f olsa AB\u2019nin karbon fiyatland\u0131rma kurallar\u0131 uyar\u0131nca \u00f6denmesi gerekecek tutara g\u00f6re karbon sertifikas\u0131 almalar\u0131 gerekli. Ancak, \u00fcretimde ortaya \u00e7\u0131kan karbon emisyonuna ili\u015fkin \u00f6demenin ba\u015fka bir \u00fclkede zaten yap\u0131lm\u0131\u015f oldu\u011fu kan\u0131tlan\u0131rsa, yap\u0131lm\u0131\u015f olan \u00f6deme al\u0131nacak karbon sertifikas\u0131 tutar\u0131ndan mahsup edilecek.<\/p>\n\n\n\n<p><strong>S\u0131n\u0131rda Karbon D\u00fczenlemesi Mekanizmas\u0131 Hangi Sekt\u00f6rleri Etkileyecek?<\/strong><\/p>\n\n\n\n<p>Mekanizman\u0131n, ilk ba\u015fta yaln\u0131zca belli baz\u0131 sekt\u00f6rlere uygulanmas\u0131 planlan\u0131yor: Demir-\u00e7elik, \u00e7imento, g\u00fcbre, al\u00fcminyum ve elektrik. Ancak, \u00fc\u00e7 y\u0131ll\u0131k ge\u00e7i\u015f s\u00fcrecinin sonunda mekanizman\u0131n i\u015fleyi\u015finin yeniden de\u011ferlendirilmesi ve \u00f6zellikle \u00fcretim zincirindeki di\u011fer sekt\u00f6rlerin ve dolayl\u0131 karbon emisyonlar\u0131n\u0131n da kapsama al\u0131nmas\u0131n\u0131n s\u00f6z konusu olabilece\u011fi \u00f6ng\u00f6r\u00fcl\u00fcyor.<\/p>\n\n\n\n<p><strong>S\u0131n\u0131rda Karbon D\u00fczenlemesi Mekanizmas\u0131 Hangi \u00dclkeleri Etkileyecek?<\/strong><\/p>\n\n\n\n<p>S\u0131n\u0131rda Karbon D\u00fczenlemesi Mekanizmas\u0131, AB \u00fcyesi olmayan \u00fclkelerin tamam\u0131n\u0131 kapsayacak. Bununla birlikte, s\u00f6z konusu \u00fclkelerden AB Emisyon Ticaret Sistemi\u2019ne dahil olan veya entegre olan \u00fclkeler kapsam d\u0131\u015f\u0131nda b\u0131rak\u0131lacak. <strong><em>T\u00fcrkiye, s\u00f6z konusu entegrasyona ili\u015fkin \u00e7al\u0131\u015fmalar yapmaya ba\u015flad\u0131.<\/em><\/strong><\/p>\n\n\n\n<p><strong>S\u0131n\u0131rda Karbon D\u00fczenlemesi Mekanizmas\u0131 \u0130stisnalar\u0131 Var M\u0131?<\/strong> <\/p>\n\n\n\n<p>150 milyon Avro\u2019nun alt\u0131nda kalan ithalatlar\u0131n kapsam d\u0131\u015f\u0131nda b\u0131rak\u0131lmas\u0131 \u00f6ng\u00f6r\u00fcl\u00fcyor.<\/p>\n\n\n\n<p><strong>S\u0131n\u0131rda Karbon D\u00fczenlemesi Mekanizmas\u0131 Ne Zaman Uygulanmaya Ba\u015flayacak?<\/strong><\/p>\n\n\n\n<p>Uygulaman\u0131n 2023 y\u0131l\u0131nda mali y\u00fck\u00fcml\u00fcl\u00fck yaratmayan bir ge\u00e7i\u015f s\u00fcreci ile ba\u015flamas\u0131 ve 2026 y\u0131l\u0131nda tamamen y\u00fcr\u00fcrl\u00fc\u011fe girmi\u015f olmas\u0131 \u00f6ng\u00f6r\u00fcl\u00fcyor.<\/p>\n\n\n\n<p>Buna g\u00f6re:<\/p>\n\n\n\n<ul class=\"wp-block-list\"><li><em>2023- 2026 y\u0131llar\u0131 aras\u0131nda<\/em>, belirlenen sekt\u00f6rlerde ithalat yapan \u015firketler herhangi bir \u00f6deme yapmadan <em>yaln\u0131zca ithal edilen mallar\u0131n \u00fcretim s\u00fcrecinde ortaya \u00e7\u0131kan karbon emisyonlar\u0131n\u0131 raporlayacak<\/em>.<\/li><li><em>2026\u2019dan itibaren<\/em> ise, <em>bir \u00f6nceki y\u0131l ithal etmi\u015f olduklar\u0131 \u00fcr\u00fcnlerin ve bunlar\u0131n karbon emisyonlar\u0131n\u0131n miktar\u0131n\u0131 y\u0131ll\u0131k olarak raporlamak ve bu miktarlara kar\u015f\u0131l\u0131k gelen S\u0131n\u0131rda Karbon D\u00fczenlemesi Mekanizmas\u0131 sertifikalar\u0131n\u0131 temin etmekle<\/em> y\u00fck\u00fcml\u00fc olacaklar.<\/li><\/ul>\n\n\n\n<p><strong>S\u0131n\u0131rda Karbon D\u00fczenlemesi Mekanizmas\u0131\u2019 na \u0130li\u015fkin \u00c7al\u0131\u015fmalar Hangi A\u015famada?<\/strong><\/p>\n\n\n\n<p>Avrupa Komisyonu taraf\u0131ndan 14 Temmuz 2021\u2019de teklif edilmi\u015f olan S\u0131n\u0131rda Karbon D\u00fczenlemesi Mekanizmas\u0131 \u00fczerinde, 15 Mart 2022 tarihinde Avrupa Konseyi\u2019 nde anla\u015fmaya var\u0131ld\u0131. S\u00f6z konusu geli\u015fme bu konuda \u00f6nemli bir ilerleme olarak kabul edilmekle birlikte, S\u0131n\u0131rda Karbon D\u00fczenlemesi Mekanizmas\u0131na ili\u015fkin reg\u00fclasyon halen taslak halde.<\/p>\n","protected":false},"excerpt":{"rendered":"<p>Son y\u0131llarda \u00f6nem kazanan k\u00fcresel iklim krizi ile m\u00fccadele ve s\u00fcrd\u00fcr\u00fclebilirlik hedeflerine ula\u015f\u0131lmas\u0131 amac\u0131yla, geli\u015fmi\u015f ve geli\u015fmekte olan \u00fclkeler yeni \u00f6nlemlerin hayata ge\u00e7irilmesi i\u00e7in \u00e7al\u0131\u015fmalar y\u00fcr\u00fct\u00fcyor ve bunlara ili\u015fkin d\u00fczenlemeleri hayata ge\u00e7iriyor.&nbsp; Ticaret hayat\u0131n\u0131 \u00f6nemli \u00f6l\u00e7\u00fcde etkileyen s\u00f6z konusu d\u00fczenlemelerden ku\u015fkusuz en \u00f6nemlileri, T\u00fcrkiye\u2019nin ihracat\u0131nda birinci s\u0131rada yer alan Avrupa Birli\u011fi (\u201cAB\u201d) taraf\u0131ndan yap\u0131lan d\u00fczenlemeler. Ticaret Bakanl\u0131\u011f\u0131\u2019n\u0131n verilerine g\u00f6re AB, T\u00fcrkiye\u2019nin 2021&nbsp;y\u0131l\u0131 ihracat\u0131nda 93 milyar dolar de\u011ferindeki %41,3&nbsp;\u2018l\u00fck pay\u0131 ile ilk s\u0131rada yer al\u0131yor. 2019 y\u0131l\u0131nda Avrupa Komisyonu taraf\u0131ndan kabul edilmi\u015f olan Avrupa Birli\u011fi Ye\u015fil Mutabakat\u0131 (\u201cEU Green Deal\u201d) uyar\u0131nca AB, 2030 y\u0131l\u0131na kadar sera gaz\u0131 emisyonlar\u0131n\u0131n 1990 seviyelerine k\u0131yasla [&hellip;]<\/p>\n","protected":false},"author":1,"featured_media":0,"comment_status":"open","ping_status":"open","sticky":false,"template":"","format":"standard","meta":{"footnotes":""},"categories":[2],"tags":[],"class_list":["post-522","post","type-post","status-publish","format-standard","hentry","category-yayinlar"],"_links":{"self":[{"href":"https:\/\/tansel.av.tr\/tr\/wp-json\/wp\/v2\/posts\/522","targetHints":{"allow":["GET"]}}],"collection":[{"href":"https:\/\/tansel.av.tr\/tr\/wp-json\/wp\/v2\/posts"}],"about":[{"href":"https:\/\/tansel.av.tr\/tr\/wp-json\/wp\/v2\/types\/post"}],"author":[{"embeddable":true,"href":"https:\/\/tansel.av.tr\/tr\/wp-json\/wp\/v2\/users\/1"}],"replies":[{"embeddable":true,"href":"https:\/\/tansel.av.tr\/tr\/wp-json\/wp\/v2\/comments?post=522"}],"version-history":[{"count":1,"href":"https:\/\/tansel.av.tr\/tr\/wp-json\/wp\/v2\/posts\/522\/revisions"}],"predecessor-version":[{"id":523,"href":"https:\/\/tansel.av.tr\/tr\/wp-json\/wp\/v2\/posts\/522\/revisions\/523"}],"wp:attachment":[{"href":"https:\/\/tansel.av.tr\/tr\/wp-json\/wp\/v2\/media?parent=522"}],"wp:term":[{"taxonomy":"category","embeddable":true,"href":"https:\/\/tansel.av.tr\/tr\/wp-json\/wp\/v2\/categories?post=522"},{"taxonomy":"post_tag","embeddable":true,"href":"https:\/\/tansel.av.tr\/tr\/wp-json\/wp\/v2\/tags?post=522"}],"curies":[{"name":"wp","href":"https:\/\/api.w.org\/{rel}","templated":true}]}}